{"id":199,"date":"2008-06-06T16:50:41","date_gmt":"2008-06-06T14:50:41","guid":{"rendered":"http:\/\/www.ronnybgoode.se\/?p=199"},"modified":"2008-06-10T14:30:57","modified_gmt":"2008-06-10T12:30:57","slug":"nationaldagen-i-bjuraker","status":"publish","type":"post","link":"http:\/\/www.ronnybgoode.se\/?p=199","title":{"rendered":"Nationaldagen i Bjur\u00e5ker"},"content":{"rendered":"<p>Efter en natts vederkvickande s\u00f6mn i torpet s\u00e5 har torparen dammat av v\u00e5r stolta svenska fana och n\u00e4rmaste planer f\u00f6r dagen \u00e4r att styra kosan mot Forng\u00e5rden i Bjur\u00e5ker.<\/p>\n<p><a href=\"http:\/\/www.ronnybgoode.se\/wp-content\/uploads\/2008\/06\/torpflagga.jpg\"><img loading=\"lazy\" class=\"alignnone size-medium wp-image-200\" title=\"torpflagga\" src=\"http:\/\/www.ronnybgoode.se\/wp-content\/uploads\/2008\/06\/torpflagga-220x300.jpg\" alt=\"\" width=\"220\" height=\"300\" srcset=\"http:\/\/www.ronnybgoode.se\/wp-content\/uploads\/2008\/06\/torpflagga-220x300.jpg 220w, http:\/\/www.ronnybgoode.se\/wp-content\/uploads\/2008\/06\/torpflagga.jpg 684w\" sizes=\"(max-width: 220px) 100vw, 220px\" \/><\/a><\/p>\n<p>Tv\u00e5 aktiviteter g\u00e5r av stapeln p\u00e5 Forng\u00e5rden under v\u00e5r nationaldag: Sockendagen och en friluftsradioaktivitet arrangerad av Delsbo Radioklubb. F\u00f6r Sockendagen svarar <a href=\"http:\/\/www.hembygd.se\/index.asp?Lev=19521\">Bjur\u00e5kers Hembygdsf\u00f6rening<\/a> och arrangemanget inleds med en friluftsandakt ledd av komminister Lena Funge fr\u00e5n Norrbo-Bjur\u00e5kers f\u00f6rsamling. Ett 50-tal bes\u00f6kare har m\u00f6tt upp och solen skiner extra intensivt n\u00e4r den f\u00f6rsta psalmen sjungs: <em>Den blomstertid nu kommer<\/em>. Det \u00e4r en h\u00e4rlig dag i vacker H\u00e4lsingenatur som visar sig i sin fulla prakt. Under andakten g\u00f6r komministern en liten paus och uppmanar alla bes\u00f6kare att f\u00f6r en stund prata med sin granne \u00f6ver fr\u00e5gan: vad \u00e4r typiskt svenskt f\u00f6r dig. M\u00e5nga f\u00f6rslag kommer fram: k\u00f6er, surstr\u00f6mming, tryggt land, sj\u00f6ar och bl\u00e5nande berg. Just det sista f\u00f6rslaget passar v\u00e4ldigt bra denna dag p\u00e5 Forng\u00e5rden i Bjur\u00e5ker.<\/p>\n<p><a href=\"http:\/\/www.ronnybgoode.se\/wp-content\/uploads\/2008\/06\/andaktbjuraker.jpg\"><img loading=\"lazy\" class=\"alignnone size-medium wp-image-203\" title=\"andaktbjuraker\" src=\"http:\/\/www.ronnybgoode.se\/wp-content\/uploads\/2008\/06\/andaktbjuraker-300x199.jpg\" alt=\"\" width=\"300\" height=\"199\" srcset=\"http:\/\/www.ronnybgoode.se\/wp-content\/uploads\/2008\/06\/andaktbjuraker-300x199.jpg 300w, http:\/\/www.ronnybgoode.se\/wp-content\/uploads\/2008\/06\/andaktbjuraker.jpg 800w\" sizes=\"(max-width: 300px) 100vw, 300px\" \/><\/a><br \/>\n\u00a0<br \/>\nCarin Sundin, dagen till \u00e4ra if\u00f6rd en vacker hembygdsdr\u00e4kt, s\u00e4ljer f\u00f6reningens tidning <em>Bjur\u00e5kers-Blad<\/em> som inneh\u00e5ller mycket l\u00e4sning om och fr\u00e5n bygden, gamla bilder och ber\u00e4ttelser fr\u00e5n f\u00f6rr. F\u00f6reningens ordf\u00f6rande, Karl-Arne Zeider, ber\u00e4ttar bland annat att man \u00e4r engagerade i projektet Sockenbilder som syftar att bevara gamla bilder fr\u00e5n hembygden. Ett problem \u00e4r f\u00f6rst\u00e5s att snart inga finns kvar som kan identifiera personerna p\u00e5 alla gamla bevarade bilder.<\/p>\n<p><a href=\"http:\/\/www.ronnybgoode.se\/wp-content\/uploads\/2008\/06\/carinbladet.jpg\"><img loading=\"lazy\" class=\"alignnone size-medium wp-image-201\" title=\"carinbladet\" src=\"http:\/\/www.ronnybgoode.se\/wp-content\/uploads\/2008\/06\/carinbladet-200x300.jpg\" alt=\"\" width=\"200\" height=\"300\" srcset=\"http:\/\/www.ronnybgoode.se\/wp-content\/uploads\/2008\/06\/carinbladet-200x300.jpg 200w, http:\/\/www.ronnybgoode.se\/wp-content\/uploads\/2008\/06\/carinbladet.jpg 800w\" sizes=\"(max-width: 200px) 100vw, 200px\" \/><\/a><\/p>\n<p>F\u00f6reningen driver ocks\u00e5 en gammaldags lanthandel i anslutning till Forng\u00e5rden och s\u00e4ljer d\u00e4r allehanda lokalproducerade alster, bland annat textilier och hantverk.<\/p>\n<p><a href=\"http:\/\/www.ronnybgoode.se\/wp-content\/uploads\/2008\/06\/lanthandeln.jpg\"><img loading=\"lazy\" class=\"alignnone size-medium wp-image-202\" title=\"lanthandeln\" src=\"http:\/\/www.ronnybgoode.se\/wp-content\/uploads\/2008\/06\/lanthandeln-300x200.jpg\" alt=\"\" width=\"300\" height=\"200\" srcset=\"http:\/\/www.ronnybgoode.se\/wp-content\/uploads\/2008\/06\/lanthandeln-300x200.jpg 300w, http:\/\/www.ronnybgoode.se\/wp-content\/uploads\/2008\/06\/lanthandeln.jpg 900w\" sizes=\"(max-width: 300px) 100vw, 300px\" \/><\/a><\/p>\n<p>Under Sockendagen delas \u00e4ven tv\u00e5 stipendier p\u00e5 vardera 1 500 kronor ut ur Helmer Nylander\u2019s fond. Han var under m\u00e5nga \u00e5r flitigt engagerad i f\u00f6reningens arbete och en av eldsj\u00e4larna. Denna dag f\u00e5r Mats Skog, Kyrkbyn stipendium f\u00f6r \u201dsin h\u00e4rliga s\u00e5ng som f\u00f6rmedlar gl\u00e4dje, allvar och hembygdsk\u00e4nsla\u201d och Olle B\u00e4cklund, Norrberg f\u00f6r \u201dsin enast\u00e5ende musikalitet som nyttjas f\u00f6r att b\u00e5de traktera och st\u00e4mma instrument\u201d.<\/p>\n<p>N\u00e4rmaste aktivitet p\u00e5 Forng\u00e5rden i Bjur\u00e5ker blir midsommarfirandet den 20 juni samt Bjur\u00e5kersst\u00e4mman \u2013 spelmansst\u00e4mman som h\u00e5lls den 20 juli med f\u00f6rst\u00e4mma den 18\/7 och \u201dG\u00e4sternas Afton\u201d den 19 juli. Mera info om f\u00f6reningen och dess verksamhet hittar du p\u00e5 <a href=\"http:\/\/www.hembygd.se\/index.asp?Lev=19521\">http:\/\/www.hembygd.se\/index.asp?Lev=19521<\/a>\u00a0 Tell\u2019em RonnyBGoode sent you!<\/p>\n<p><a href=\"http:\/\/www.ronnybgoode.se\/wp-content\/uploads\/2008\/06\/finrummet.jpg\"><img loading=\"lazy\" class=\"alignnone size-medium wp-image-204\" title=\"finrummet\" src=\"http:\/\/www.ronnybgoode.se\/wp-content\/uploads\/2008\/06\/finrummet-300x200.jpg\" alt=\"\" width=\"300\" height=\"200\" srcset=\"http:\/\/www.ronnybgoode.se\/wp-content\/uploads\/2008\/06\/finrummet-300x200.jpg 300w, http:\/\/www.ronnybgoode.se\/wp-content\/uploads\/2008\/06\/finrummet.jpg 900w\" sizes=\"(max-width: 300px) 100vw, 300px\" \/><\/a><\/p>\n<p style=\"text-align: center;\"><em>F\u00f6reningens ordf\u00f6rande Karl-Arne Zeider i Forng\u00e5rdens \u201dfinrum\u201d.<\/em><\/p>\n","protected":false},"excerpt":{"rendered":"<p>Efter en natts vederkvickande s\u00f6mn i torpet s\u00e5 har torparen dammat av v\u00e5r stolta svenska fana och n\u00e4rmaste planer f\u00f6r dagen \u00e4r att styra kosan mot Forng\u00e5rden i Bjur\u00e5ker. Tv\u00e5 aktiviteter g\u00e5r av stapeln p\u00e5 Forng\u00e5rden under v\u00e5r nationaldag: Sockendagen och en friluftsradioaktivitet arrangerad av Delsbo Radioklubb. F\u00f6r Sockendagen svarar Bjur\u00e5kers Hembygdsf\u00f6rening och arrangemanget inleds [&hellip;]<\/p>\n","protected":false},"author":1,"featured_media":0,"comment_status":"open","ping_status":"open","sticky":false,"template":"","format":"standard","meta":[],"categories":[553,575,689],"tags":[1184,1185,947,1187,1186],"_links":{"self":[{"href":"http:\/\/www.ronnybgoode.se\/index.php?rest_route=\/wp\/v2\/posts\/199"}],"collection":[{"href":"http:\/\/www.ronnybgoode.se\/index.php?rest_route=\/wp\/v2\/posts"}],"about":[{"href":"http:\/\/www.ronnybgoode.se\/index.php?rest_route=\/wp\/v2\/types\/post"}],"author":[{"embeddable":true,"href":"http:\/\/www.ronnybgoode.se\/index.php?rest_route=\/wp\/v2\/users\/1"}],"replies":[{"embeddable":true,"href":"http:\/\/www.ronnybgoode.se\/index.php?rest_route=%2Fwp%2Fv2%2Fcomments&post=199"}],"version-history":[{"count":0,"href":"http:\/\/www.ronnybgoode.se\/index.php?rest_route=\/wp\/v2\/posts\/199\/revisions"}],"wp:attachment":[{"href":"http:\/\/www.ronnybgoode.se\/index.php?rest_route=%2Fwp%2Fv2%2Fmedia&parent=199"}],"wp:term":[{"taxonomy":"category","embeddable":true,"href":"http:\/\/www.ronnybgoode.se\/index.php?rest_route=%2Fwp%2Fv2%2Fcategories&post=199"},{"taxonomy":"post_tag","embeddable":true,"href":"http:\/\/www.ronnybgoode.se\/index.php?rest_route=%2Fwp%2Fv2%2Ftags&post=199"}],"curies":[{"name":"wp","href":"https:\/\/api.w.org\/{rel}","templated":true}]}}