{"id":699,"date":"2009-06-09T20:29:13","date_gmt":"2009-06-09T18:29:13","guid":{"rendered":"http:\/\/www.ronnybgoode.se\/?p=699"},"modified":"2009-06-09T22:11:51","modified_gmt":"2009-06-09T20:11:51","slug":"ona-blir-allt-battre-men-har-husdjur-blivit-en-klassfraga","status":"publish","type":"post","link":"http:\/\/www.ronnybgoode.se\/?p=699","title":{"rendered":"Ona blir allt b\u00e4ttre men har husdjur blivit en klassfr\u00e5ga?"},"content":{"rendered":"<p><a href=\"http:\/\/www.ronnybgoode.se\/wp-content\/uploads\/2009\/06\/ona3.jpg\"><img loading=\"lazy\" class=\"alignnone size-medium wp-image-700\" title=\"My best friend Ona, a Great Pyrenee \/ Pyrenean Mountain dog\" src=\"http:\/\/www.ronnybgoode.se\/wp-content\/uploads\/2009\/06\/ona3-300x199.jpg\" alt=\"\" width=\"300\" height=\"199\" srcset=\"http:\/\/www.ronnybgoode.se\/wp-content\/uploads\/2009\/06\/ona3-300x199.jpg 300w, http:\/\/www.ronnybgoode.se\/wp-content\/uploads\/2009\/06\/ona3.jpg 800w\" sizes=\"(max-width: 300px) 100vw, 300px\" \/><\/a><br \/>\n\u00c4r husdjur n\u00e5got som ska vara f\u00f6rbeh\u00e5llet v\u00e4lbest\u00e4llda och h\u00f6ginkomsttagare? Ja, den fr\u00e5gan st\u00e4ller jag mig efter att ha f\u00e5tt ett antal kommentarer i anslutning till att jag postade en f\u00f6rfr\u00e5gan p\u00e5 <a href=\"http:\/\/www.vovve.net\">vovve.net<\/a>. Tack i alla fall <a href=\"http:\/\/karin.stampis.com\/\">Karin<\/a> f\u00f6r tipset om detta forum som jag aldrig hade h\u00f6rt talas om trots att jag varit hund\u00e4gare i m\u00e5nga \u00e5r. Och tack \u00e4ven f\u00f6r att du trots att du befinner dig i Kina l\u00e4mnade ett bidrag till <a href=\"http:\/\/saveona.blogspot.com\">hj\u00e4lp \u00e5t Ona<\/a>. Tack \u00e4ven till v\u00e4nnen Tore i Falk\u00f6ping som skickade ett bidrag via brev. Det v\u00e4rmer verkligen att det finns s\u00e5 sn\u00e4lla m\u00e4nniskor som ni!<\/p>\n<p>Den f\u00f6rsta kommentaren i detta hundforum gick ut p\u00e5 att jag skulle inte f\u00f6rv\u00e4nta mig n\u00e5gon hj\u00e4lp av n\u00e5gon d\u00e4r d\u00e4rf\u00f6r att jag registrerat mig samma dag och ingen k\u00e4nde till mig. Vad jag fr\u00e5gade om var bara om n\u00e5gon hade n\u00e5got tips om hur vi l\u00f6ser situationen p\u00e5 b\u00e4sta s\u00e4tt och bad allts\u00e5 inte om ekonomiska bidrag men tydligen uppfattades mitt inl\u00e4gg \u00e4nd\u00e5 som tiggeri av gr\u00f6vsta slag. En annan kommentar l\u00f6d s\u00e5 h\u00e4r:<\/p>\n<p><em>Har veterin\u00e4ren v\u00e5rdat utan att ta reda p\u00e5 om du kan betala s\u00e5 f\u00e5r han ge dig en avbetalningsplan. Hunden har han inte r\u00e4tt till. Jag tror inte p\u00e5 din historia ett \u00f6gonblick.<\/em><\/p>\n<p><em><\/em>Ja, s\u00e5dana kommentarer v\u00e4rmer sannerligen i n\u00f6dens stund. Det \u00e4r redan klarlagt att n\u00e5gon avbetalningsplan inte l\u00e4ggs upp av djursjukhus och jag har full f\u00f6rst\u00e5else f\u00f6r det. Trots allt har ju sjukhusen haft utl\u00e4gg i form av material, medicin och personal f\u00f6r att v\u00e5rda min v\u00e4n. Men som anges i villkoren s\u00e5 finns m\u00f6jligheten att v\u00e4gra att l\u00e4mna ut hunden om inte betalning sker och efter sju dagar \u00f6verg\u00e5r \u00e4gander\u00e4tten till sjukhuset vilket inneb\u00e4r avlivning. En annan forumdeltagare kommenterade att man skulle se till att man hade en rej\u00e4l ekonomisk buffert f\u00f6r of\u00f6rutsedda h\u00e4ndelser d\u00e5 det inneb\u00e4r ett stort ansvar att vara hund\u00e4gare. Som om jag inte visste det! Jag skulle allts\u00e5 ha haft 30-40 000 kronor avsatta utifall att det som nu h\u00e4nt skulle h\u00e4nda. Dessutom vet jag ju att Ona haft det mycket bra hos mig och \u00e4ven om den ekonomiska situationen ser ut som den g\u00f6r s\u00e5 vill jag absolut h\u00e4vda att jag inte brustit i mitt ansvar som hund\u00e4gare. Fr\u00e5ga Ona!<\/p>\n<p>Konsekvensen av detta resonemang blir att vissa kategorier av m\u00e4nniskor som inte har denna buffert eller har m\u00f6jlighet att snabbt f\u00e5 l\u00e5n \u00e4r diskvalificerade som hund\u00e4gare. Dit h\u00f6r bland andra<\/p>\n<p>&#8211; L\u00e5ngtidsarbetsl\u00f6sa<br \/>\n&#8211; Pension\u00e4rer med l\u00e5g pension<br \/>\n&#8211; Sjukskrivna<br \/>\n&#8211; L\u00e5ginkomsttagare<br \/>\n&#8211; Personer med betalningsanm\u00e4rkningar<\/p>\n<p>Inneb\u00e4r detta d\u00e5 att dessa m\u00e4nniskor skulle ta s\u00e4mre hand om sina djur och brista i ansvar mera \u00e4n h\u00f6ginkomsttagare? Jag t\u00e4nker mig in i hur n\u00e5gon som kanske drabbats av en sv\u00e5r depression och vars enda tr\u00f6st i livet \u00e4r sin lilla katt eller vovve skulle resonera.\u00a0 Nog tror jag att dessa djur f\u00e5r en v\u00e4l s\u00e5 god omsorg som om de levde i en lyxv\u00e5ning p\u00e5 \u00f6vre \u00d6stermalm. F\u00f6r att inte tala om det v\u00e4lbefinnande som n\u00e4rheten till ett husdjur sk\u00e4nker. Ska detta vara f\u00f6rbeh\u00e5llet de rika?<\/p>\n<p>Jag vill avsluta med att citera en av Stig Dagerman&#8217;s <em>Dagsedlar <\/em>som jag tycker \u00e4r ganska talande. M\u00e5 s\u00e5 gott tills vi h\u00f6rs n\u00e4sta g\u00e5ng &#8211; och klappa era vovvar, katter och andra fyrbenta v\u00e4nner fr\u00e5n mig.<\/p>\n<p>&#8220;Nog \u00e4r det ynkligt att folk som har underst\u00f6d skall ha hund!&#8221; (Sagt av en fattigv\u00e5rdsordf\u00f6rande \u00c5leby i V\u00e4rmland)<\/p>\n<p>Lagen har sina blottor.<br \/>\nHund f\u00e5r de fattiga ha.<br \/>\nDe kunde v\u00e4l skaffa sig r\u00e5ttor,<br \/>\nsom \u00e4r skattefria och bra.<\/p>\n<p>Nu sitter folk i sm\u00e5 stugor<br \/>\nmed dyrbara hundkreatur.<br \/>\nDe kunde v\u00e4l leka med flugor,<br \/>\nsom ocks\u00e5 \u00e4r s\u00e4llskapsdjur.<\/p>\n<p>Kommunen bara betalar.<br \/>\nDet m\u00e5ste bli slut p\u00e5, ity<br \/>\natt annars s\u00e5 k\u00f6per de valar,<br \/>\nfruktar herr \u00c5leby.<\/p>\n<p>N\u00e5got m\u00e5ste beslutas:<br \/>\nHundarna skjuts! Inte sant?<br \/>\nN\u00e4sta \u00e5tg\u00e4rd: De fattiga skjutas,<br \/>\ns\u00e5 sparar kommunen en slant.<\/p>\n<p>Stig Dagerman, Dagsedel 5.11.1954<\/p>\n","protected":false},"excerpt":{"rendered":"<p>\u00c4r husdjur n\u00e5got som ska vara f\u00f6rbeh\u00e5llet v\u00e4lbest\u00e4llda och h\u00f6ginkomsttagare? Ja, den fr\u00e5gan st\u00e4ller jag mig efter att ha f\u00e5tt ett antal kommentarer i anslutning till att jag postade en f\u00f6rfr\u00e5gan p\u00e5 vovve.net. Tack i alla fall Karin f\u00f6r tipset om detta forum som jag aldrig hade h\u00f6rt talas om trots att jag varit hund\u00e4gare [&hellip;]<\/p>\n","protected":false},"author":1,"featured_media":0,"comment_status":"open","ping_status":"open","sticky":false,"template":"","format":"standard","meta":[],"categories":[553,570,558,1869,602],"tags":[1881,1867,1879,1877,1878,1554,2218,1880,1876],"_links":{"self":[{"href":"http:\/\/www.ronnybgoode.se\/index.php?rest_route=\/wp\/v2\/posts\/699"}],"collection":[{"href":"http:\/\/www.ronnybgoode.se\/index.php?rest_route=\/wp\/v2\/posts"}],"about":[{"href":"http:\/\/www.ronnybgoode.se\/index.php?rest_route=\/wp\/v2\/types\/post"}],"author":[{"embeddable":true,"href":"http:\/\/www.ronnybgoode.se\/index.php?rest_route=\/wp\/v2\/users\/1"}],"replies":[{"embeddable":true,"href":"http:\/\/www.ronnybgoode.se\/index.php?rest_route=%2Fwp%2Fv2%2Fcomments&post=699"}],"version-history":[{"count":0,"href":"http:\/\/www.ronnybgoode.se\/index.php?rest_route=\/wp\/v2\/posts\/699\/revisions"}],"wp:attachment":[{"href":"http:\/\/www.ronnybgoode.se\/index.php?rest_route=%2Fwp%2Fv2%2Fmedia&parent=699"}],"wp:term":[{"taxonomy":"category","embeddable":true,"href":"http:\/\/www.ronnybgoode.se\/index.php?rest_route=%2Fwp%2Fv2%2Fcategories&post=699"},{"taxonomy":"post_tag","embeddable":true,"href":"http:\/\/www.ronnybgoode.se\/index.php?rest_route=%2Fwp%2Fv2%2Ftags&post=699"}],"curies":[{"name":"wp","href":"https:\/\/api.w.org\/{rel}","templated":true}]}}