{"id":751,"date":"2009-10-18T17:33:19","date_gmt":"2009-10-18T15:33:19","guid":{"rendered":"http:\/\/www.ronnybgoode.se\/?p=751"},"modified":"2009-10-18T19:30:37","modified_gmt":"2009-10-18T17:30:37","slug":"stick-ivag-jack-%e2%80%93-om-radio-nord-och-ett-annat-sverige","status":"publish","type":"post","link":"http:\/\/www.ronnybgoode.se\/?p=751","title":{"rendered":"Stick iv\u00e4g, Jack! \u2013 om Radio Nord och ett annat Sverige"},"content":{"rendered":"<p><a href=\"http:\/\/www.premiumpublishing.com\"><img loading=\"lazy\" class=\"alignnone size-medium wp-image-752\" title=\"bokomslag_ea\" src=\"http:\/\/www.ronnybgoode.se\/wp-content\/uploads\/2009\/10\/bokomslag_ea.jpg\" alt=\"\" width=\"200\" height=\"289\" \/><\/a><br \/>\n<strong>Titel: Stick iv\u00e4g, Jack!<br \/>\nF\u00f6rfattare: Jan Kotschack.<br \/>\n422 sidor, inbunden. Mycket rikligt illustrerad i f\u00e4rg och sv\/v.<br \/>\nISBN: 978-91-89136-51-9 F\u00f6rlag: Premium Publishing <a href=\"http:\/\/www.premiumpublishing.com\">www.premiumpublishing.com<\/a><\/strong><\/p>\n<p>S\u00e5 har den d\u00e5 kommit! Ber\u00e4ttelsen om en den fria radiostation som gav oss underh\u00e5llning i en omfattning som var omtumlande f\u00f6r m\u00e5nga som levt med monopol-radions Grammofon<em>timmen<\/em> \u2013 alltid med en marsch i b\u00f6rjan och slutet av programmet. Men Radio Nord blev inte bara en bl\u00e5slampa i \u00e4ndalykten p\u00e5 de programansvariga p\u00e5 Sveriges Radio som p\u00e5 rekordtid \u00f6ppnade moteld med Melodiradion. Nej, stationen uppfattades som ett allvarligt hot av den d\u00e5varande socialdemokratiska regimen och i boken framg\u00e5r vilka drastiska \u00e5tg\u00e4rder man faktiskt var beredda att ta till f\u00f6r att tysta skvalet fr\u00e5n \u00d6stersj\u00f6n. I boken avbildas till exempel en intern promemoria d\u00e4r regeringen i maj 1961 kommit fram med ett antal uppslag att diskutera f\u00f6r att l\u00f6sa problemet. H\u00e4r f\u00f6resl\u00e5s p\u00e5 fullaste allvar \u201dskapandet av en f\u00f6r radios\u00e4ndning f\u00f6rbjuden till\u00e4ggszon utanf\u00f6r territorial-gr\u00e4nsen\u201d, st\u00f6rningss\u00e4ndare och \u201dkapning av fartyget p\u00e5 internationellt vatten\u201d! Ja, s\u00e5 l\u00e5ngt var kommunikationsminister G\u00f6sta Skoglund och hans kolleger beredda att g\u00e5 f\u00f6r att tysta en harml\u00f6s musikstation. Nu blev inte allt allvar d\u00e5 sakkunniga och remissinstanser lyckades avstyra de mest extrema id\u00e9erna men andra f\u00f6reslagna \u00e5tg\u00e4rder genomf\u00f6rdes, som att v\u00e4gra Radio Nord f\u00f6rbindelse via Stockholm Radio i Stavsn\u00e4s, lagstiftning mot att annonsera \u00f6ver stationen och p\u00e5tryckningar hos reklambranschens organisationer f\u00f6r att bojkotta Radio Nord.<\/p>\n<p>Speciellt intressant \u00e4r f\u00f6rslaget om den till\u00e4ggszon utanf\u00f6r territorialgr\u00e4nsen som var t\u00e4nkt att kriminalisera radios\u00e4ndningar fr\u00e5n internationellt vatten just d\u00e4r Bon Jour r\u00e5kade ligga! F\u00f6rslaget med st\u00f6rs\u00e4ndare \u00f6vergavs n\u00e4r man ins\u00e5g att kostnaderna b\u00e5de i investeringar och \u00e5rliga driftskostnader skulle bli alltf\u00f6r stora och dessutom p\u00e5pekade sakkunniga hos d\u00e5varande Telestyrelsen f\u00f6rsynt att ett dylikt arrangemang skulle f\u00f6rorsaka sv\u00e5ra st\u00f6rningar p\u00e5 andra l\u00e4nders s\u00e4ndningar. Som vi minns s\u00e5 var ett argument mot Radio Nord att man st\u00f6rde stationer i andra l\u00e4nder &#8211; n\u00e5got som flitigt anv\u00e4ndes i debatten. Men regeringen brainstormade vidare och f\u00f6rslaget om att l\u00e4gga en egen b\u00e5t med st\u00f6rs\u00e4ndare intill <em>m\/s Bon Jour <\/em>framf\u00f6rdes faktiskt. H\u00e4r skulle s\u00e5ledes Sverige sj\u00e4lva s\u00e4nda p\u00e5 en frekvens som vi inte f\u00e5tt oss tilldelad i akt och mening att st\u00f6ra ut en station vars program inte f\u00f6rorsakade klagom\u00e5l fr\u00e5n andra l\u00e4nder. Tv\u00e4rtom s\u00e5 h\u00f6rdes fr\u00e5n franskt h\u00e5ll r\u00f6ster som p\u00e5pekade att det var synd att Radio Nord gick s\u00e5 d\u00e5ligt p\u00e5 grund av st\u00f6rningarna fr\u00e5n Lyon med vilka man delade frekvens\u2026.<\/p>\n<p>Boken inneh\u00e5ller ett ovanligt rikhaltigt bildmaterial, varav m\u00e4ngder av fina f\u00e4rgbilder och de flesta bilder publiceras h\u00e4r f\u00f6r f\u00f6rsta g\u00e5ngen. Men f\u00f6rfattaren ber\u00e4ttar \u00e4ven historien om Radio Nord p\u00e5 ett oerh\u00f6rt medryckande s\u00e4tt och det \u00e4r en sp\u00e4nnande bok att l\u00e4sa. Ni som l\u00e4st Jack Kotschacks bok <em>Radio Nord kommer tillbaka <\/em>kommer att k\u00e4nna igen er. Ett omfattande forskningsarbete ligger bakom och detaljrikedomen \u00e4r stor. Givetvis finns Radio Nords topplistor <em>Topp 20<\/em> och <em>De tio<\/em> med i sin helhet. H\u00e4r har entusiasterna Hans-Gunnar Larsson och Siw Wastesson som sammanst\u00e4llt listorna l\u00e4mnat ett v\u00e4rdefullt bidrag till bokens helhet.<\/p>\n<p>Tillsammans med den f\u00f6rsta upplagan av boken medf\u00f6ljer en DVD med kortfilmen <em>L\u00e5ten fr\u00e5n b\u00e5ten<\/em> som gick som f\u00f6rfilm p\u00e5 vissa biografer och \u00e4r en presentation av stationen plus en del jinglar. Dessutom har en dubbel-CD med l\u00e5tar och stationsjinglar fr\u00e5n \u00e5ren 1961-62 sl\u00e4ppts samtidigt med boken. Recension av denna CD kommer snart i en blogg n\u00e4ra dig :-).<\/p>\n<p>Om du bara t\u00e4nker k\u00f6pa en radio- eller nostalgibok under 2009 s\u00e5 m\u00e5ste det bli denna! Det \u00e4r inte bara en ber\u00e4ttelse om Radio Nord utan om ett annat Sverige som i dag k\u00e4nns synnerligen l\u00e5ngt borta. Eller \u00e4r det egentligen det?<\/p>\n<p><strong>Om f\u00f6rfattaren<\/strong><\/p>\n<p>Jan Kotschack \u00e4r till yrket journalist och \u00e4ldste son till Radio Nords dynamiske chef Jack S. Kotschack. Han ber\u00e4ttar att vad han ville med boken var att skriva ber\u00e4ttelsen om Radio Nord och inte i f\u00f6rsta hand om sin far. Men det \u00e4r f\u00f6rst\u00e5s om\u00f6jligt att skriva om Radio Nord utan att komma in p\u00e5 Jack.<\/p>\n<p>Kanske var \u201dden skumme finske flyktingen\u201d som han beskrevs av vissa debatt\u00f6rer en alltf\u00f6r fr\u00e4mmande f\u00e5gel f\u00f6r att passa in i v\u00e5rt svenska folkhem. Att han sedan backades upp av amerikanskt kapital st\u00e4rkte inte precis hans aktier hos den svenska administrationen. Med sin extravaganta livsstil, flotta bilar, skr\u00e4ddarsydda kostymer och provocerande uttalanden \u00e4r det ganska uppenbart att han s\u00e5gs som ett r\u00f6tt skynke av m\u00e5nga i regeringskretsar.<\/p>\n<p>Jan Kotschack tecknar mellan raderna ett \u00f6msint portr\u00e4tt av sin far som en man med ett stort hj\u00e4rta och kort stubin. Jag tror nog att Jack i sin himmel nu g\u00e4rna utbrister i ett:<\/p>\n<p>&#8211; SAAATAN, Jan, det d\u00e4r gjorde du bra!<\/p>\n","protected":false},"excerpt":{"rendered":"<p>Titel: Stick iv\u00e4g, Jack! F\u00f6rfattare: Jan Kotschack. 422 sidor, inbunden. Mycket rikligt illustrerad i f\u00e4rg och sv\/v. ISBN: 978-91-89136-51-9 F\u00f6rlag: Premium Publishing www.premiumpublishing.com S\u00e5 har den d\u00e5 kommit! Ber\u00e4ttelsen om en den fria radiostation som gav oss underh\u00e5llning i en omfattning som var omtumlande f\u00f6r m\u00e5nga som levt med monopol-radions Grammofontimmen \u2013 alltid med en [&hellip;]<\/p>\n","protected":false},"author":1,"featured_media":0,"comment_status":"open","ping_status":"open","sticky":false,"template":"","format":"standard","meta":[],"categories":[558,591,561,689,592],"tags":[1967,1836,1969,633,1970,1968],"_links":{"self":[{"href":"http:\/\/www.ronnybgoode.se\/index.php?rest_route=\/wp\/v2\/posts\/751"}],"collection":[{"href":"http:\/\/www.ronnybgoode.se\/index.php?rest_route=\/wp\/v2\/posts"}],"about":[{"href":"http:\/\/www.ronnybgoode.se\/index.php?rest_route=\/wp\/v2\/types\/post"}],"author":[{"embeddable":true,"href":"http:\/\/www.ronnybgoode.se\/index.php?rest_route=\/wp\/v2\/users\/1"}],"replies":[{"embeddable":true,"href":"http:\/\/www.ronnybgoode.se\/index.php?rest_route=%2Fwp%2Fv2%2Fcomments&post=751"}],"version-history":[{"count":0,"href":"http:\/\/www.ronnybgoode.se\/index.php?rest_route=\/wp\/v2\/posts\/751\/revisions"}],"wp:attachment":[{"href":"http:\/\/www.ronnybgoode.se\/index.php?rest_route=%2Fwp%2Fv2%2Fmedia&parent=751"}],"wp:term":[{"taxonomy":"category","embeddable":true,"href":"http:\/\/www.ronnybgoode.se\/index.php?rest_route=%2Fwp%2Fv2%2Fcategories&post=751"},{"taxonomy":"post_tag","embeddable":true,"href":"http:\/\/www.ronnybgoode.se\/index.php?rest_route=%2Fwp%2Fv2%2Ftags&post=751"}],"curies":[{"name":"wp","href":"https:\/\/api.w.org\/{rel}","templated":true}]}}