{"id":949,"date":"2015-11-14T14:31:23","date_gmt":"2015-11-14T12:31:23","guid":{"rendered":"http:\/\/www.ronnybgoode.se\/?p=949"},"modified":"2015-11-14T14:34:02","modified_gmt":"2015-11-14T12:34:02","slug":"politiskt-korrekt-in-i-doden","status":"publish","type":"post","link":"https:\/\/www.ronnybgoode.se\/?p=949","title":{"rendered":"Politiskt korrekt in i d\u00f6den?"},"content":{"rendered":"<p>Skulle detta kunna h\u00e4nda i Sverige?<\/p>\n<p><a href=\"http:\/\/www.aftonbladet.se\/nyheter\/article21764252.ab\">http:\/\/www.aftonbladet.se\/nyheter\/article21764252.ab<\/a><\/p>\n<p>Fram till att det nu h\u00e4nde trodde knappast n\u00e5gon att det skulle kunna h\u00e4nda i Frankrike heller. 9\/11 \u00e4r sedan m\u00e5nga \u00e5r en del av historien och livet g\u00e5r vidare. Trots allt \u00e4r det sunt. M\u00e5let med terrorism \u00e4r just att skapa terror, fruktan och underminera den allm\u00e4nna tryggheten. D\u00e4rf\u00f6r kr\u00e4vs st\u00e4ndigt nya p\u00e5minnelser om v\u00e5r egen d\u00f6dlighet fr\u00e5n de onda krafterna.<\/p>\n<p>Skulle detta kunna h\u00e4nda i Sverige? Vi har precis f\u00e5tt h\u00f6ra att IS tagit p\u00e5 sig ansvaret f\u00f6r denna fega handling. Feg \u00e4r just ordet. Det kr\u00e4vs knappast n\u00e5got mod f\u00f6r att l\u00e5ta en kalashnikov spela \u00f6ver en f\u00f6rsvarsl\u00f6s folkmassa d\u00e4r offren aldrig hinner fatta vad som h\u00e4nder. Men varf\u00f6r skulle det h\u00e4nda h\u00e4r?<\/p>\n<p>En motivering f\u00f6r d\u00e5det s\u00e4gs vara Frankrikes engagemang i kampen mot IS<\/p>\n<p><a href=\"http:\/\/www.dn.se\/nyheter\/varlden\/frankrike-har-inlett-flyganfall-mot-is\/\">http:\/\/www.dn.se\/nyheter\/varlden\/frankrike-har-inlett-flyganfall-mot-is\/<\/a><\/p>\n<p>Har d\u00e5 IS n\u00e5gon anledning att hysa agg mot Sverige? Ja, man har s\u00e4kert synpunkter p\u00e5 att svensk milit\u00e4r utbildar kurdiska soldater i Irak, med syftet att stoppa den islamiska statens framfart.<\/p>\n<p><a href=\"http:\/\/www.dn.se\/nyheter\/sverige\/sverige-fortsatter-trana-styrkor-som-slass-mot-is\/\">http:\/\/www.dn.se\/nyheter\/sverige\/sverige-fortsatter-trana-styrkor-som-slass-mot-is\/<\/a><\/p>\n<p>Skulle detta kunna h\u00e4nda i Sverige? Dessv\u00e4rre \u00e4r inte fr\u00e5gan l\u00e4ngre \u201dom\u201d utan \u201dn\u00e4r\u201d. Ett klassiskt s\u00e4tt att bedriva terrorism \u00e4r att uppr\u00e4tta celler av nyttiga idioter som utbildas i sitt blodiga hantverk och sedan f\u00e5r ligga l\u00e5gt tills det \u00e4r dags att g\u00f6ra sin stora insats \u2013 ofta det sista de g\u00f6r i livet. Givetvis sk\u00f6ts planl\u00e4ggningen av operationerna av andra krafter som befinner sig p\u00e5 betryggande avst\u00e5nd fr\u00e5n h\u00e4ndelsernas centrum.<\/p>\n<p>Vad har vi att s\u00e4tta emot? Den svenska inst\u00e4llningen f\u00f6refaller vara den att inte f\u00f6r allt i v\u00e4rlden st\u00f6ta sig med n\u00e5gon gruppering. Det g\u00e4ller att vara politiskt korrekt. Understundom kan det f\u00e5 absurda effekter. En IS-krigare l\u00e4r knappast bli avskr\u00e4ckt av vad som v\u00e4ntar vid hemkomsten till Sverige efter striderna i Syrien:<\/p>\n<p><a href=\"http:\/\/www.svt.se\/nyheter\/regionalt\/orebro\/kommun-hjalper-is-krigare\">http:\/\/www.svt.se\/nyheter\/regionalt\/orebro\/kommun-hjalper-is-krigare<\/a><\/p>\n<p>Om detta kan h\u00e4nda n\u00e5gonstans alls \u00e4r det rimligtvis just i Sverige. Hur farlig \u00e4r egentligen v\u00e5r politiska korrekthet p\u00e5 sikt? Ingen vid sunda v\u00e4tskor kan rimligtvis p\u00e5st\u00e5 att alla muslimer (en m\u00e5ngfacetterad grupp) \u00e4r potentiella terrorister. Sedan finns dessv\u00e4rre m\u00e5nga vid mindre sunda v\u00e4tskor&#8230;. Finns kanske redan IS-celler redo att vid behov aktiveras i v\u00e5rt land? En inte helt dagsf\u00e4rsk uppgift i \u00e4mnet:<\/p>\n<p><a href=\"http:\/\/www.svt.se\/nyheter\/is-celler-finns-i-sverige\">http:\/\/www.svt.se\/nyheter\/is-celler-finns-i-sverige<\/a><\/p>\n<p>\u00c4r det d\u00e5 politiskt korrekt att misst\u00e4nkligg\u00f6ra m\u00e4nniskor? Hur bra koll har vi egentligen p\u00e5 vad som sker i form av radikalisering och terrorf\u00f6rberedelser just nu? S\u00c4PO har i alla fall gjort ett f\u00f6rs\u00f6k att kartl\u00e4gga hotbilden i Sverige<\/p>\n<p><a href=\"http:\/\/www.sakerhetspolisen.se\/download\/18.635d23c2141933256ea1d14\/1381154798420\/ijrapportweb\">http:\/\/www.sakerhetspolisen.se\/download\/18.635d23c2141933256ea1d14\/1381154798420\/ijrapportweb<\/a><\/p>\n<p>Skulle detta kunna h\u00e4nda i Sverige? Ja, dessv\u00e4rre \u00e4r vi inte p\u00e5 n\u00e5got s\u00e4tt immuna mot terrorattacker, lika litet som Frankrike var det. Men vi beh\u00f6ver ju inte hj\u00e4lpa fienden i on\u00f6dan. Hur vore det att ers\u00e4tta den politiska korrekten med en smula sunt f\u00f6rnuft?<\/p>\n<p><em>If it looks like a duck, swims like a duck, and quacks like a duck, then it probably is a duck<\/em>.<\/p>\n","protected":false},"excerpt":{"rendered":"<p>Skulle detta kunna h\u00e4nda i Sverige? http:\/\/www.aftonbladet.se\/nyheter\/article21764252.ab Fram till att det nu h\u00e4nde trodde knappast n\u00e5gon att det skulle kunna h\u00e4nda i Frankrike heller. 9\/11 \u00e4r sedan m\u00e5nga \u00e5r en del av historien och livet g\u00e5r vidare. Trots allt \u00e4r det sunt. M\u00e5let med terrorism \u00e4r just att skapa terror, fruktan och underminera den allm\u00e4nna [&hellip;]<\/p>\n","protected":false},"author":1,"featured_media":0,"comment_status":"open","ping_status":"open","sticky":false,"template":"","format":"standard","meta":[],"categories":[553,570],"tags":[2177,2178,2181,2180,2182],"_links":{"self":[{"href":"https:\/\/www.ronnybgoode.se\/index.php?rest_route=\/wp\/v2\/posts\/949"}],"collection":[{"href":"https:\/\/www.ronnybgoode.se\/index.php?rest_route=\/wp\/v2\/posts"}],"about":[{"href":"https:\/\/www.ronnybgoode.se\/index.php?rest_route=\/wp\/v2\/types\/post"}],"author":[{"embeddable":true,"href":"https:\/\/www.ronnybgoode.se\/index.php?rest_route=\/wp\/v2\/users\/1"}],"replies":[{"embeddable":true,"href":"https:\/\/www.ronnybgoode.se\/index.php?rest_route=%2Fwp%2Fv2%2Fcomments&post=949"}],"version-history":[{"count":2,"href":"https:\/\/www.ronnybgoode.se\/index.php?rest_route=\/wp\/v2\/posts\/949\/revisions"}],"predecessor-version":[{"id":951,"href":"https:\/\/www.ronnybgoode.se\/index.php?rest_route=\/wp\/v2\/posts\/949\/revisions\/951"}],"wp:attachment":[{"href":"https:\/\/www.ronnybgoode.se\/index.php?rest_route=%2Fwp%2Fv2%2Fmedia&parent=949"}],"wp:term":[{"taxonomy":"category","embeddable":true,"href":"https:\/\/www.ronnybgoode.se\/index.php?rest_route=%2Fwp%2Fv2%2Fcategories&post=949"},{"taxonomy":"post_tag","embeddable":true,"href":"https:\/\/www.ronnybgoode.se\/index.php?rest_route=%2Fwp%2Fv2%2Ftags&post=949"}],"curies":[{"name":"wp","href":"https:\/\/api.w.org\/{rel}","templated":true}]}}